{"id":117,"date":"2021-08-25T14:47:47","date_gmt":"2021-08-25T14:47:47","guid":{"rendered":"https:\/\/mbterapi.se\/?p=117"},"modified":"2021-08-25T14:51:53","modified_gmt":"2021-08-25T14:51:53","slug":"forandring-i-luften","status":"publish","type":"post","link":"https:\/\/mbterapi.se\/index.php\/2021\/08\/25\/forandring-i-luften\/","title":{"rendered":"F\u00f6r\u00e4ndring i luften."},"content":{"rendered":"\n<blockquote class=\"wp-block-quote\"><p>Sl\u00e5 dig loss, sl\u00e5 dig fri<\/p><p>Bana v\u00e4g, l\u00e5t ske det som sker<\/p><p>Sl\u00e5 dig loss, sl\u00e5 dig fri<\/p><p>Hon som fanns h\u00e4r finns inte mer<\/p><p>Och h\u00e4r st\u00e5r jag, en f\u00f6r\u00e4ndrad sj\u00e4l<\/p><cite>KRISTEN ANDERSON-LOPEZ OCH ROBERT LOPEZ<\/cite><\/blockquote>\n\n\n\n<p>Vid den h\u00e4r tiden p\u00e5 \u00e5ret k\u00e4nner jag f\u00f6r\u00e4ndringens vindar samtidigt som allt faller tillbaka i vardag och rutiner. Jag finner stor gl\u00e4dje i det lite fyrkantiga, men samtidigt \u00e4lskar jag k\u00e4nslan av att allt \u00e4r m\u00f6jligt. Att komma tillbaka till jobbet efter semestern, att b\u00f6rja en ny utbildning, att s\u00f6ka sig till ett nytt jobb &#8211; allt \u00e4r m\u00f6jligt!<\/p>\n\n\n\n<p>Om du k\u00e4nner lust till att lyftas av f\u00f6rut n\u00e4mnda f\u00f6r\u00e4ndringsvindar men har sv\u00e5rt att veta hur det ska g\u00e5 till vill jag tipsa om att du f\u00e5r ett kostnadsfritt samtal f\u00f6r att ta reda p\u00e5 om det finns n\u00e5got att h\u00e4mta f\u00f6r dig i det terapeutiska samtalet. <a href=\"https:\/\/mbterapi.se\/index.php\/kontakt\/\">V\u00e4lkommen att h\u00f6ra av dig<\/a>!<\/p>\n","protected":false},"excerpt":{"rendered":"<p>Sl\u00e5 dig loss, sl\u00e5 dig fri Bana v\u00e4g, l\u00e5t ske det som sker Sl\u00e5 dig loss, sl\u00e5 dig fri Hon som fanns h\u00e4r finns inte mer Och h\u00e4r st\u00e5r jag, en f\u00f6r\u00e4ndrad sj\u00e4l KRISTEN ANDERSON-LOPEZ OCH ROBERT LOPEZ Vid den h\u00e4r tiden p\u00e5 \u00e5ret k\u00e4nner jag f\u00f6r\u00e4ndringens vindar samtidigt som allt faller tillbaka i vardag &hellip; <\/p>\n","protected":false},"author":1,"featured_media":0,"comment_status":"open","ping_status":"open","sticky":false,"template":"","format":"standard","meta":[],"categories":[3],"tags":[5,6,7],"_links":{"self":[{"href":"https:\/\/mbterapi.se\/index.php\/wp-json\/wp\/v2\/posts\/117"}],"collection":[{"href":"https:\/\/mbterapi.se\/index.php\/wp-json\/wp\/v2\/posts"}],"about":[{"href":"https:\/\/mbterapi.se\/index.php\/wp-json\/wp\/v2\/types\/post"}],"author":[{"embeddable":true,"href":"https:\/\/mbterapi.se\/index.php\/wp-json\/wp\/v2\/users\/1"}],"replies":[{"embeddable":true,"href":"https:\/\/mbterapi.se\/index.php\/wp-json\/wp\/v2\/comments?post=117"}],"version-history":[{"count":4,"href":"https:\/\/mbterapi.se\/index.php\/wp-json\/wp\/v2\/posts\/117\/revisions"}],"predecessor-version":[{"id":121,"href":"https:\/\/mbterapi.se\/index.php\/wp-json\/wp\/v2\/posts\/117\/revisions\/121"}],"wp:attachment":[{"href":"https:\/\/mbterapi.se\/index.php\/wp-json\/wp\/v2\/media?parent=117"}],"wp:term":[{"taxonomy":"category","embeddable":true,"href":"https:\/\/mbterapi.se\/index.php\/wp-json\/wp\/v2\/categories?post=117"},{"taxonomy":"post_tag","embeddable":true,"href":"https:\/\/mbterapi.se\/index.php\/wp-json\/wp\/v2\/tags?post=117"}],"curies":[{"name":"wp","href":"https:\/\/api.w.org\/{rel}","templated":true}]}}